{"id":3845,"date":"2022-02-08T13:00:29","date_gmt":"2022-02-08T11:00:29","guid":{"rendered":"https:\/\/maisemabetoni.fi\/fin\/?p=3845"},"modified":"2022-02-08T13:01:14","modified_gmt":"2022-02-08T11:01:14","slug":"ranta-tampella-on-urbaani-jalokivi-nasijarven-rannassa","status":"publish","type":"post","link":"https:\/\/maisemabetoni.fi\/fin\/ranta-tampella-on-urbaani-jalokivi-nasijarven-rannassa\/","title":{"rendered":"Ranta-Tampella on urbaani jalokivi N\u00e4sij\u00e4rven rannassa"},"content":{"rendered":"<h1><strong>Ranta-Tampella on urbaani jalokivi N\u00e4sij\u00e4rven rannassa<\/strong><\/h1>\n<h3 style=\"text-align: left;\"><strong>Betoni, kierr\u00e4tysmateriaalit ja luonnonmateriaalit antavat uuden asuinalueen julkisille ulkotiloille omaleimaisen ilmeen.<\/strong><\/h3>\n<p><a href=\"https:\/\/maisemabetoni.fi\/fin\/wp-content\/uploads\/2022\/02\/Ranta-Tampella-0821m-DJI_0073-skyfox.jpg\" data-rel=\"lightbox-gallery-DsystId0\" data-rl_title=\"\" data-rl_caption=\"\" title=\"\"><img loading=\"lazy\" decoding=\"async\" class=\"alignright wp-image-3789 \" src=\"https:\/\/maisemabetoni.fi\/fin\/wp-content\/uploads\/2022\/02\/Ranta-Tampella-0821m-DJI_0073-skyfox-550x700.jpg\" alt=\"\" width=\"405\" height=\"516\" srcset=\"https:\/\/maisemabetoni.fi\/fin\/wp-content\/uploads\/2022\/02\/Ranta-Tampella-0821m-DJI_0073-skyfox-550x700.jpg 550w, https:\/\/maisemabetoni.fi\/fin\/wp-content\/uploads\/2022\/02\/Ranta-Tampella-0821m-DJI_0073-skyfox-417x530.jpg 417w, https:\/\/maisemabetoni.fi\/fin\/wp-content\/uploads\/2022\/02\/Ranta-Tampella-0821m-DJI_0073-skyfox-768x977.jpg 768w, https:\/\/maisemabetoni.fi\/fin\/wp-content\/uploads\/2022\/02\/Ranta-Tampella-0821m-DJI_0073-skyfox-1208x1536.jpg 1208w, https:\/\/maisemabetoni.fi\/fin\/wp-content\/uploads\/2022\/02\/Ranta-Tampella-0821m-DJI_0073-skyfox.jpg 1610w\" sizes=\"auto, (max-width: 405px) 100vw, 405px\" \/><\/a><\/p>\n<p>Parhaillaan rakentuvalla Tampereen Ranta-Tampellan uudella asuinalueella N\u00e4sij\u00e4rven rannassa on voimakas, omintakeinen identiteetti.<\/p>\n<p>Tampereen keskustan koskenranta historiallisine rakennuksineen on kaunis ja kaikille tuttu, mutta toisintoa siit\u00e4 aivan uudelle asuinalueelle ei haluttu. \u2013Ranta-Tampellan ilme onkin moderni ja urbaani, korostaa Tampereen kaupungin Kaupunkiymp\u00e4rist\u00f6n palvelualueen rakennuttajainsin\u00f6\u00f6ri <strong>Raija Tevaniemi<\/strong>.<\/p>\n<p>Modernin asuinalueen nivominen Tampereen kaupunkikuvaan, N\u00e4sij\u00e4rven rantamaisemaan l\u00e4hes t\u00e4ysin t\u00e4ytt\u00f6maalle rakentuvalle maa-alueelle oli Maanlumon ammattilaisille mielenkiintoinen haaste. Tuloksena on ulkotiloiltaan innovatiivinen, poikkeuksellisen korkealaatuinen uusi asuinalue, jonka puistoista, rannoilta ja aukioilta l\u00f6ytyy koettavaa ja katseltavaa kaikkina vuodenaikoina.<\/p>\n<p>Kanava rantoineen, aukiot, puistot, laiturit, ja sillat nivoutuvat Ranta-Tampellassa luontevasti ulkotilojen sarjaksi.<\/p>\n<p>\u2013Kantavana ajatuksena suunnittelussamme oli rakennetun kaupunkiymp\u00e4rist\u00f6n ja luonnonymp\u00e4rist\u00f6n limittyminen, maisema-arkkitehti (MARK) <strong>Krista Muurinen<\/strong> kertoo.<\/p>\n<p>N\u00e4sij\u00e4rven puolella rantarakentaminen on luonnonmukaista, kun taas kanavan puolella rantaviiva on urbaani. Nyrkk\u00e4kallion alue on s\u00e4ilytetty mahdollisimman alkuper\u00e4isen\u00e4 ja kaupunkimaisin osa Ranta\u2010Tampellaa on kanavan p\u00e4\u00e4tteen\u00e4 sijaitseva Gustaf Aspin aukio. Pohjois\u2010etel\u00e4suuntaiset puistoakselit sijoittuvat asuntokortteleiden v\u00e4liin ja yhdist\u00e4v\u00e4t kanavan N\u00e4sij\u00e4rven rantaan.<\/p>\n<h3><strong>Materiaalit ymp\u00e4rist\u00f6n ehdoilla<\/strong><\/h3>\n<p>Materiaaleja Ranta-Tampellassa on hy\u00f6dynnetty kekseli\u00e4\u00e4sti ja monipuolisesti eri alueiden ilmett\u00e4 korostaen.<\/p>\n<p>\u2013Valitsimme materiaalit ymp\u00e4rist\u00f6n ehdoilla, Krista Muurinen korostaa.<\/p>\n<p>Kulkijalle eri materiaalit antavat virikkeit\u00e4 monille aisteille. Luonnonmukainen hitaan kulun rantareitti Kiiskisaarenpuistossa on kivituhkapintainen ja rahisee mukavasti jalan alla.<\/p>\n<p>Rakennetulla Gustaf Aspin aukiolla p\u00e4\u00e4llyste on tyylik\u00e4st\u00e4 ja viimeistelty\u00e4 luonnonkive\u00e4 ja betonikive\u00e4.<\/p>\n<p>Ranta-Tampellan tunnus on sit\u00e4 halkova kanava rantoineen. \u2013Kanavaymp\u00e4rist\u00f6\u00f6n ja siltoihin betoni oli plastisesti muovattavana luonteva materiaali, Ranta-Tampellan kanavan siltoja ja muureja suunnitellut arkkitehti (SAFA) <strong>Hanna Hyv\u00f6nen <\/strong>Ylitys Oy:st\u00e4 kertoo.<\/p>\n<figure id=\"attachment_3851\" aria-describedby=\"caption-attachment-3851\" style=\"width: 224px\" class=\"wp-caption alignleft\"><a href=\"https:\/\/maisemabetoni.fi\/fin\/wp-content\/uploads\/2022\/02\/Krista.jpg\" data-rel=\"lightbox-gallery-DsystId0\" data-rl_title=\"\" data-rl_caption=\"\" title=\"\"><img loading=\"lazy\" decoding=\"async\" class=\"wp-image-3851\" src=\"https:\/\/maisemabetoni.fi\/fin\/wp-content\/uploads\/2022\/02\/Krista-170x170.jpg\" alt=\"\" width=\"224\" height=\"224\" srcset=\"https:\/\/maisemabetoni.fi\/fin\/wp-content\/uploads\/2022\/02\/Krista-170x170.jpg 170w, https:\/\/maisemabetoni.fi\/fin\/wp-content\/uploads\/2022\/02\/Krista-125x125.jpg 125w, https:\/\/maisemabetoni.fi\/fin\/wp-content\/uploads\/2022\/02\/Krista-18x18.jpg 18w\" sizes=\"auto, (max-width: 224px) 100vw, 224px\" \/><\/a><figcaption id=\"caption-attachment-3851\" class=\"wp-caption-text\">Krista Muuronen<\/figcaption><\/figure>\n<figure id=\"attachment_3850\" aria-describedby=\"caption-attachment-3850\" style=\"width: 224px\" class=\"wp-caption alignleft\"><a href=\"https:\/\/maisemabetoni.fi\/fin\/wp-content\/uploads\/2022\/02\/Hanna.jpg\" data-rel=\"lightbox-gallery-DsystId0\" data-rl_title=\"\" data-rl_caption=\"\" title=\"\"><img loading=\"lazy\" decoding=\"async\" class=\"wp-image-3850\" src=\"https:\/\/maisemabetoni.fi\/fin\/wp-content\/uploads\/2022\/02\/Hanna-170x170.jpg\" alt=\"\" width=\"224\" height=\"224\" srcset=\"https:\/\/maisemabetoni.fi\/fin\/wp-content\/uploads\/2022\/02\/Hanna-170x170.jpg 170w, https:\/\/maisemabetoni.fi\/fin\/wp-content\/uploads\/2022\/02\/Hanna-125x125.jpg 125w, https:\/\/maisemabetoni.fi\/fin\/wp-content\/uploads\/2022\/02\/Hanna-18x18.jpg 18w\" sizes=\"auto, (max-width: 224px) 100vw, 224px\" \/><\/a><figcaption id=\"caption-attachment-3850\" class=\"wp-caption-text\">Hanna Hyv\u00f6nen<\/figcaption><\/figure>\n<p>\u00a0<\/p>\n<p>\u00a0<\/p>\n<p>\u00a0<\/p>\n<p>\u00a0<\/p>\n<p>\u00a0<\/p>\n<p>\u00a0<\/p>\n<p>\u00a0<\/p>\n<p>Kanavan rantamuurien n\u00e4kyv\u00e4t pinnat on toteutettu suurista valubetonielementeist\u00e4. Reliefeiss\u00e4 kuvastuu kauniisti veden v\u00e4reily.<\/p>\n<p><a href=\"https:\/\/maisemabetoni.fi\/fin\/wp-content\/uploads\/2022\/02\/38_RantaTampella_Kanavamuuri-\u00a9Maanlumo-scaled.jpg\" data-rel=\"lightbox-gallery-DsystId0\" data-rl_title=\"\" data-rl_caption=\"\" title=\"\"><img loading=\"lazy\" decoding=\"async\" class=\"alignnone wp-image-3804 size-medium\" src=\"https:\/\/maisemabetoni.fi\/fin\/wp-content\/uploads\/2022\/02\/38_RantaTampella_Kanavamuuri-\u00a9Maanlumo-530x264.jpg\" alt=\"\" width=\"530\" height=\"264\" srcset=\"https:\/\/maisemabetoni.fi\/fin\/wp-content\/uploads\/2022\/02\/38_RantaTampella_Kanavamuuri-\u00a9Maanlumo-530x264.jpg 530w, https:\/\/maisemabetoni.fi\/fin\/wp-content\/uploads\/2022\/02\/38_RantaTampella_Kanavamuuri-\u00a9Maanlumo-700x349.jpg 700w, https:\/\/maisemabetoni.fi\/fin\/wp-content\/uploads\/2022\/02\/38_RantaTampella_Kanavamuuri-\u00a9Maanlumo-768x382.jpg 768w, https:\/\/maisemabetoni.fi\/fin\/wp-content\/uploads\/2022\/02\/38_RantaTampella_Kanavamuuri-\u00a9Maanlumo-1536x765.jpg 1536w, https:\/\/maisemabetoni.fi\/fin\/wp-content\/uploads\/2022\/02\/38_RantaTampella_Kanavamuuri-\u00a9Maanlumo-2048x1020.jpg 2048w\" sizes=\"auto, (max-width: 530px) 100vw, 530px\" \/><\/a><br \/>\nKuva: Maanlumo<\/p>\n<p>Puu tuo ymp\u00e4rist\u00f6\u00f6n laitureissa, kalusteissa ja nojailujohteissa l\u00e4mp\u00f6\u00e4, ter\u00e4s kaiteissa ja keveiss\u00e4 silloissa ilmavuutta.<\/p>\n<p><a href=\"https:\/\/maisemabetoni.fi\/fin\/wp-content\/uploads\/2022\/02\/Ranta-Tampella-0821-IMG_3027Skyfox.jpg\" data-rel=\"lightbox-gallery-DsystId0\" data-rl_title=\"\" data-rl_caption=\"\" title=\"\"><img loading=\"lazy\" decoding=\"async\" class=\"alignnone wp-image-3788 size-medium\" src=\"https:\/\/maisemabetoni.fi\/fin\/wp-content\/uploads\/2022\/02\/Ranta-Tampella-0821-IMG_3027Skyfox-530x353.jpg\" alt=\"\" width=\"530\" height=\"353\" srcset=\"https:\/\/maisemabetoni.fi\/fin\/wp-content\/uploads\/2022\/02\/Ranta-Tampella-0821-IMG_3027Skyfox-530x353.jpg 530w, https:\/\/maisemabetoni.fi\/fin\/wp-content\/uploads\/2022\/02\/Ranta-Tampella-0821-IMG_3027Skyfox-700x467.jpg 700w, https:\/\/maisemabetoni.fi\/fin\/wp-content\/uploads\/2022\/02\/Ranta-Tampella-0821-IMG_3027Skyfox-768x512.jpg 768w, https:\/\/maisemabetoni.fi\/fin\/wp-content\/uploads\/2022\/02\/Ranta-Tampella-0821-IMG_3027Skyfox-1536x1024.jpg 1536w, https:\/\/maisemabetoni.fi\/fin\/wp-content\/uploads\/2022\/02\/Ranta-Tampella-0821-IMG_3027Skyfox-375x250.jpg 375w, https:\/\/maisemabetoni.fi\/fin\/wp-content\/uploads\/2022\/02\/Ranta-Tampella-0821-IMG_3027Skyfox-233x156.jpg 233w, https:\/\/maisemabetoni.fi\/fin\/wp-content\/uploads\/2022\/02\/Ranta-Tampella-0821-IMG_3027Skyfox-380x252.jpg 380w, https:\/\/maisemabetoni.fi\/fin\/wp-content\/uploads\/2022\/02\/Ranta-Tampella-0821-IMG_3027Skyfox.jpg 2048w\" sizes=\"auto, (max-width: 530px) 100vw, 530px\" \/><\/a><br \/>\nKuva: Skyfox<\/p>\n<p>Kiertotalous on t\u00e4rke\u00e4\u00e4 sek\u00e4 suunnittelijoille ett\u00e4 tilaajalle, Tampereen kaupungille. Tampereen ratikkalinjaa, Rassea, rakennettiin H\u00e4meenkadun osuudelle juuri sopivaan aikaan, joten vanhoja nupukivi\u00e4 vapautui k\u00e4ytett\u00e4v\u00e4ksi. \u2013Vanha k\u00e4yt\u00f6ss\u00e4 kulunut kivih\u00e4n on kaunis, Krista Muurinen sanoo.<\/p>\n<p>Nupukivet hy\u00f6dynnettiin Kiiskisaarenpuiston kevyenliikenteenv\u00e4yl\u00e4n k\u00e4velypinnoilla. Ranta-Tampellasta l\u00f6ytyy my\u00f6s kierr\u00e4tettyj\u00e4 reunakivi\u00e4 ja muurikivi\u00e4.<\/p>\n<p>N\u00e4sinsillan p\u00e4\u00e4tytuesta tehtiin uusiok\u00e4ytettyjen ter\u00e4smuottien avulla kiipeilysein\u00e4.<\/p>\n<p><a href=\"https:\/\/maisemabetoni.fi\/fin\/wp-content\/uploads\/2022\/01\/34_RantaTampella_.jpg\" data-rel=\"lightbox-gallery-DsystId0\" data-rl_title=\"\" data-rl_caption=\"\" title=\"\"><img loading=\"lazy\" decoding=\"async\" class=\"alignnone wp-image-3770 size-medium\" src=\"https:\/\/maisemabetoni.fi\/fin\/wp-content\/uploads\/2022\/01\/34_RantaTampella_-530x371.jpg\" alt=\"\" width=\"530\" height=\"371\" srcset=\"https:\/\/maisemabetoni.fi\/fin\/wp-content\/uploads\/2022\/01\/34_RantaTampella_-530x371.jpg 530w, https:\/\/maisemabetoni.fi\/fin\/wp-content\/uploads\/2022\/01\/34_RantaTampella_-700x489.jpg 700w, https:\/\/maisemabetoni.fi\/fin\/wp-content\/uploads\/2022\/01\/34_RantaTampella_-768x537.jpg 768w, https:\/\/maisemabetoni.fi\/fin\/wp-content\/uploads\/2022\/01\/34_RantaTampella_-1536x1074.jpg 1536w, https:\/\/maisemabetoni.fi\/fin\/wp-content\/uploads\/2022\/01\/34_RantaTampella_-2048x1432.jpg 2048w\" sizes=\"auto, (max-width: 530px) 100vw, 530px\" \/><\/a><br \/>\nKuva: Maanlumo<\/p>\n<p>Kierr\u00e4tysmateriaaleja Ranta-Tampellassa k\u00e4ytettiin soveltuvasti siell\u00e4, miss\u00e4 se oli toimivaa. N\u00e4sij\u00e4rven rantarakenteet haluttiin toteuttaa luonnonmukaisina. Esirakentamisessa tai alueella oli painopenkkoina k\u00e4ytetty jo rantatunnelista louhittuna isoja kivi\u00e4, jotka hy\u00f6dynnettiin lopulta rannan rakentamiseen. Osa vaihtelevaprofiilisen rannan kivist\u00e4 on ladottu isoina askelmina, jotka mahdollistavat veden \u00e4\u00e4relle p\u00e4\u00e4syn. Rantaa jaksottavat my\u00f6s puiset oleskelulaiturit.<\/p>\n<p><a href=\"https:\/\/maisemabetoni.fi\/fin\/wp-content\/uploads\/2022\/02\/46_RantaTampella_GustafAspinAukio5-\u00a9Maanlumo-scaled.jpg\" data-rel=\"lightbox-gallery-DsystId0\" data-rl_title=\"\" data-rl_caption=\"\" title=\"\"><img loading=\"lazy\" decoding=\"async\" class=\"alignnone wp-image-3807 size-medium\" src=\"https:\/\/maisemabetoni.fi\/fin\/wp-content\/uploads\/2022\/02\/46_RantaTampella_GustafAspinAukio5-\u00a9Maanlumo-530x351.jpg\" alt=\"\" width=\"530\" height=\"351\" srcset=\"https:\/\/maisemabetoni.fi\/fin\/wp-content\/uploads\/2022\/02\/46_RantaTampella_GustafAspinAukio5-\u00a9Maanlumo-530x351.jpg 530w, https:\/\/maisemabetoni.fi\/fin\/wp-content\/uploads\/2022\/02\/46_RantaTampella_GustafAspinAukio5-\u00a9Maanlumo-700x464.jpg 700w, https:\/\/maisemabetoni.fi\/fin\/wp-content\/uploads\/2022\/02\/46_RantaTampella_GustafAspinAukio5-\u00a9Maanlumo-768x509.jpg 768w, https:\/\/maisemabetoni.fi\/fin\/wp-content\/uploads\/2022\/02\/46_RantaTampella_GustafAspinAukio5-\u00a9Maanlumo-1536x1017.jpg 1536w, https:\/\/maisemabetoni.fi\/fin\/wp-content\/uploads\/2022\/02\/46_RantaTampella_GustafAspinAukio5-\u00a9Maanlumo-2048x1356.jpg 2048w, https:\/\/maisemabetoni.fi\/fin\/wp-content\/uploads\/2022\/02\/46_RantaTampella_GustafAspinAukio5-\u00a9Maanlumo-380x252.jpg 380w\" sizes=\"auto, (max-width: 530px) 100vw, 530px\" \/><\/a><br \/>\nKuva: Maanlumo<\/p>\n<p>Raija Tevaniemi sanoo, ett\u00e4 Tampereella kierr\u00e4tysmateriaaleja pyrit\u00e4\u00e4n k\u00e4ytt\u00e4m\u00e4\u00e4n aina kuin mahdollista. Se tulee vain ottaa jo suunnitteluvaiheessa huomioon. \u2013Kaupungissa on koordinaattori, joka informoi osapuolia purettavasta ja hy\u00f6dynnett\u00e4v\u00e4ksi tulevasta k\u00e4ytt\u00f6kelpoisesta materiaalista. Olemme pystyneet siirt\u00e4m\u00e4\u00e4n uuteen paikkaan esimerkiksi kevyeen liikenteen siltoja.<\/p>\n<h3>RANTA\u2010TAMPELLAN JULKISET ULKOTILAT<\/h3>\n<p><strong>Maisema<\/strong><strong>\u2010<\/strong><strong>arkkitehtisuunnittelu:<\/strong><\/p>\n<p>Maisema\u2010arkkitehtitoimisto Maanlumo Oy<\/p>\n<ul>\n<li>Krista Muurinen, maisema\u2010arkkitehti MARK, maisemasuunnittelusta ja kaupunkikuvasta vastaava projektip\u00e4\u00e4llikk\u00f6 ja vastuusuunnittelija<\/li>\n<li>Liisa Dahlqvist, tekninen suunnittelija ja puutarhuri<\/li>\n<li>Reeta Pellinen, maisema\u2010arkkitehti MARK<\/li>\n<li>Aapo Pihkala, maisema\u2010arkkitehti MARK<\/li>\n<\/ul>\n<p><strong>Siltojen ja kanavan arkkitehti<\/strong><strong>\u2010<\/strong><strong> ja rakennesuunnittelu:<\/strong><\/p>\n<p>Insin\u00f6\u00f6ritoimisto Pontek Oy \/ Ylitys Oy<\/p>\n<ul>\n<li>Arkkitehtisuunnittelu: Hanna Hyv\u00f6nen, arkkitehti SAFA ja Teo Tammivuori, arkkitehti<\/li>\n<li>Rakennesuunnittelu: Juhani Hyv\u00f6nen, diplomi\u2010insin\u00f6\u00f6ri ja Esa Paavola, diplomi\u2010insin\u00f6\u00f6ri<\/li>\n<\/ul>\n<p><strong>Siltojen ja kanavan geosuunnittelu:<\/strong><\/p>\n<p>Insin\u00f6\u00f6ritoimisto Arcus Oy<\/p>\n<ul>\n<li>Tommi Puhakka, diplomi\u2010insin\u00f6\u00f6ri<\/li>\n<\/ul>\n<p><strong>Kiiskisaarenpuiston rantarakenteet ja Gustaf Aspin aukion rakennesuunnittelu:<\/strong><\/p>\n<p>Suunnittelukide Oy<\/p>\n<ul>\n<li>Jarmo Niemi, diplomi\u2010insin\u00f6\u00f6ri<\/li>\n<\/ul>\n<p><strong>Kiiskisaarenpuiston geotekninen suunnittelu<\/strong><\/p>\n<p>AFRY Finland Oy<\/p>\n<ul>\n<li>Juho Mansikkam\u00e4ki, geosuunnittelija<\/li>\n<\/ul>\n<p><strong>Gustaf Aspin aukion porraskiveysten tekninen toteutussuunnittelu:<\/strong><\/p>\n<p>Aihio Arkkitehdit Oy<\/p>\n<ul>\n<li>Kalevi N\u00e4kki, arkkitehti SAFA<\/li>\n<\/ul>\n<p><strong>Katu<\/strong><strong>\u2010<\/strong><strong>, liikenne<\/strong><strong>\u2010<\/strong><strong> ja kunnallistekninen suunnittelu:<\/strong><\/p>\n<p>Tampereen kaupunki<\/p>\n<ul>\n<li>Petri Rantanen, vanhempi erikoissuunnittelija<\/li>\n<\/ul>\n<p><strong>Valaistus<\/strong><strong>\u2010<\/strong><strong>\/s\u00e4hk\u00f6suunnittelu:<\/strong><\/p>\n<p>Ramboll Finland Oy<\/p>\n<ul>\n<li>valaistus: Rosa Rissanen<\/li>\n<li>s\u00e4hk\u00f6suunnittelu: Juuso Korpela<\/li>\n<\/ul>\n<p><strong>Urakoitsijat:<\/strong><\/p>\n<ul>\n<li>Destia Oy<\/li>\n<li>Kanavan ja sillat urakoi: GRK Infra Oy<\/li>\n<li>Siltaemementit toimitti: Parma Oy<\/li>\n<li>Kreate Oy<\/li>\n<li>Normivalaistus Oy<\/li>\n<li>Tampereen Puutarha\u2010Center Oy<\/li>\n<li>Terrawise Oy<\/li>\n<\/ul>\n<p><strong>Rakennuttaja\/tilaaja:<\/strong><\/p>\n<p>Tampereen kaupunki \/ Kaupunkiymp\u00e4rist\u00f6n palvelualue \/ Rakennuttaminen<\/p>\n<ul>\n<li>Raija Tevaniemi, rakennuttajainsin\u00f6\u00f6ri<\/li>\n<\/ul>\n","protected":false},"excerpt":{"rendered":"<p>Ranta-Tampella on urbaani jalokivi N&auml;sij&auml;rven rannassa Betoni, kierr&auml;tysmateriaalit ja luonnonmateriaalit antavat uuden asuinalueen julkisille ulkotiloille omaleimaisen ilmeen. Parhaillaan rakentuvalla Tampereen Ranta-Tampellan uudella asuinalueella N&auml;sij&auml;rven rannassa on voimakas, omintakeinen identiteetti. Tampereen keskustan koskenranta historiallisine rakennuksineen on kaunis ja kaikille tuttu, mutta toisintoa siit&auml; aivan uudelle asuinalueelle ei haluttu. &ndash;Ranta-Tampellan ilme onkin moderni ja urbaani, korostaa Tampereen&#8230;<\/p>\n","protected":false},"author":2,"featured_media":3787,"comment_status":"closed","ping_status":"closed","sticky":false,"template":"","format":"standard","meta":{"footnotes":""},"categories":[1],"tags":[],"class_list":["post-3845","post","type-post","status-publish","format-standard","has-post-thumbnail","hentry","category-yleinen"],"yoast_head":"<!-- This site is optimized with the Yoast SEO plugin v26.8 - https:\/\/yoast.com\/product\/yoast-seo-wordpress\/ -->\n<title>Ranta-Tampella on urbaani jalokivi N\u00e4sij\u00e4rven rannassa - Maisemabetoni<\/title>\n<meta name=\"robots\" content=\"noindex, follow, max-snippet:-1, max-image-preview:large, max-video-preview:-1\" \/>\n<meta property=\"og:locale\" content=\"fi_FI\" \/>\n<meta property=\"og:type\" content=\"article\" \/>\n<meta property=\"og:title\" content=\"Ranta-Tampella on urbaani jalokivi N\u00e4sij\u00e4rven rannassa - Maisemabetoni\" \/>\n<meta property=\"og:description\" content=\"Ranta-Tampella on urbaani jalokivi N&auml;sij&auml;rven rannassa Betoni, kierr&auml;tysmateriaalit ja luonnonmateriaalit antavat uuden asuinalueen julkisille ulkotiloille omaleimaisen ilmeen. Parhaillaan rakentuvalla Tampereen Ranta-Tampellan uudella asuinalueella N&auml;sij&auml;rven rannassa on voimakas, omintakeinen identiteetti. Tampereen keskustan koskenranta historiallisine rakennuksineen on kaunis ja kaikille tuttu, mutta toisintoa siit&auml; aivan uudelle asuinalueelle ei haluttu. &ndash;Ranta-Tampellan ilme onkin moderni ja urbaani, korostaa Tampereen...\" \/>\n<meta property=\"og:url\" content=\"https:\/\/maisemabetoni.fi\/fin\/ranta-tampella-on-urbaani-jalokivi-nasijarven-rannassa\/\" \/>\n<meta property=\"og:site_name\" content=\"Maisemabetoni\" \/>\n<meta property=\"article:published_time\" content=\"2022-02-08T11:00:29+00:00\" \/>\n<meta property=\"article:modified_time\" content=\"2022-02-08T11:01:14+00:00\" \/>\n<meta property=\"og:image\" content=\"https:\/\/maisemabetoni.fi\/fin\/wp-content\/uploads\/2022\/02\/53_RantaTampella_GustafAspinAukion_rantaportaat_ja_RantaTampellan_silta-\u00a9Maanlumo-scaled.jpg\" \/>\n\t<meta property=\"og:image:width\" content=\"2560\" \/>\n\t<meta property=\"og:image:height\" content=\"1695\" \/>\n\t<meta property=\"og:image:type\" content=\"image\/jpeg\" \/>\n<meta name=\"author\" content=\"T. Kaskiaro\" \/>\n<meta name=\"twitter:card\" content=\"summary_large_image\" \/>\n<meta name=\"twitter:label1\" content=\"Kirjoittanut\" \/>\n\t<meta name=\"twitter:data1\" content=\"T. Kaskiaro\" \/>\n\t<meta name=\"twitter:label2\" content=\"Arvioitu lukuaika\" \/>\n\t<meta name=\"twitter:data2\" content=\"6 minuuttia\" \/>\n<script type=\"application\/ld+json\" class=\"yoast-schema-graph\">{\"@context\":\"https:\/\/schema.org\",\"@graph\":[{\"@type\":\"Article\",\"@id\":\"https:\/\/maisemabetoni.fi\/fin\/ranta-tampella-on-urbaani-jalokivi-nasijarven-rannassa\/#article\",\"isPartOf\":{\"@id\":\"https:\/\/maisemabetoni.fi\/fin\/ranta-tampella-on-urbaani-jalokivi-nasijarven-rannassa\/\"},\"author\":{\"name\":\"T. Kaskiaro\",\"@id\":\"https:\/\/maisemabetoni.fi\/fin\/#\/schema\/person\/e3462e41cbc9f07b7094002066029b9a\"},\"headline\":\"Ranta-Tampella on urbaani jalokivi N\u00e4sij\u00e4rven rannassa\",\"datePublished\":\"2022-02-08T11:00:29+00:00\",\"dateModified\":\"2022-02-08T11:01:14+00:00\",\"mainEntityOfPage\":{\"@id\":\"https:\/\/maisemabetoni.fi\/fin\/ranta-tampella-on-urbaani-jalokivi-nasijarven-rannassa\/\"},\"wordCount\":729,\"image\":{\"@id\":\"https:\/\/maisemabetoni.fi\/fin\/ranta-tampella-on-urbaani-jalokivi-nasijarven-rannassa\/#primaryimage\"},\"thumbnailUrl\":\"https:\/\/maisemabetoni.fi\/fin\/wp-content\/uploads\/2022\/02\/53_RantaTampella_GustafAspinAukion_rantaportaat_ja_RantaTampellan_silta-\u00a9Maanlumo-scaled.jpg\",\"inLanguage\":\"fi\"},{\"@type\":\"WebPage\",\"@id\":\"https:\/\/maisemabetoni.fi\/fin\/ranta-tampella-on-urbaani-jalokivi-nasijarven-rannassa\/\",\"url\":\"https:\/\/maisemabetoni.fi\/fin\/ranta-tampella-on-urbaani-jalokivi-nasijarven-rannassa\/\",\"name\":\"Ranta-Tampella on urbaani jalokivi N\u00e4sij\u00e4rven rannassa - Maisemabetoni\",\"isPartOf\":{\"@id\":\"https:\/\/maisemabetoni.fi\/fin\/#website\"},\"primaryImageOfPage\":{\"@id\":\"https:\/\/maisemabetoni.fi\/fin\/ranta-tampella-on-urbaani-jalokivi-nasijarven-rannassa\/#primaryimage\"},\"image\":{\"@id\":\"https:\/\/maisemabetoni.fi\/fin\/ranta-tampella-on-urbaani-jalokivi-nasijarven-rannassa\/#primaryimage\"},\"thumbnailUrl\":\"https:\/\/maisemabetoni.fi\/fin\/wp-content\/uploads\/2022\/02\/53_RantaTampella_GustafAspinAukion_rantaportaat_ja_RantaTampellan_silta-\u00a9Maanlumo-scaled.jpg\",\"datePublished\":\"2022-02-08T11:00:29+00:00\",\"dateModified\":\"2022-02-08T11:01:14+00:00\",\"author\":{\"@id\":\"https:\/\/maisemabetoni.fi\/fin\/#\/schema\/person\/e3462e41cbc9f07b7094002066029b9a\"},\"breadcrumb\":{\"@id\":\"https:\/\/maisemabetoni.fi\/fin\/ranta-tampella-on-urbaani-jalokivi-nasijarven-rannassa\/#breadcrumb\"},\"inLanguage\":\"fi\",\"potentialAction\":[{\"@type\":\"ReadAction\",\"target\":[\"https:\/\/maisemabetoni.fi\/fin\/ranta-tampella-on-urbaani-jalokivi-nasijarven-rannassa\/\"]}]},{\"@type\":\"ImageObject\",\"inLanguage\":\"fi\",\"@id\":\"https:\/\/maisemabetoni.fi\/fin\/ranta-tampella-on-urbaani-jalokivi-nasijarven-rannassa\/#primaryimage\",\"url\":\"https:\/\/maisemabetoni.fi\/fin\/wp-content\/uploads\/2022\/02\/53_RantaTampella_GustafAspinAukion_rantaportaat_ja_RantaTampellan_silta-\u00a9Maanlumo-scaled.jpg\",\"contentUrl\":\"https:\/\/maisemabetoni.fi\/fin\/wp-content\/uploads\/2022\/02\/53_RantaTampella_GustafAspinAukion_rantaportaat_ja_RantaTampellan_silta-\u00a9Maanlumo-scaled.jpg\",\"width\":2560,\"height\":1695,\"caption\":\"Rantatampella, Tampere\"},{\"@type\":\"BreadcrumbList\",\"@id\":\"https:\/\/maisemabetoni.fi\/fin\/ranta-tampella-on-urbaani-jalokivi-nasijarven-rannassa\/#breadcrumb\",\"itemListElement\":[{\"@type\":\"ListItem\",\"position\":1,\"name\":\"Etusivu\",\"item\":\"https:\/\/maisemabetoni.fi\/fin\/\"},{\"@type\":\"ListItem\",\"position\":2,\"name\":\"Ranta-Tampella on urbaani jalokivi N\u00e4sij\u00e4rven rannassa\"}]},{\"@type\":\"WebSite\",\"@id\":\"https:\/\/maisemabetoni.fi\/fin\/#website\",\"url\":\"https:\/\/maisemabetoni.fi\/fin\/\",\"name\":\"Maisemabetoni\",\"description\":\"\",\"potentialAction\":[{\"@type\":\"SearchAction\",\"target\":{\"@type\":\"EntryPoint\",\"urlTemplate\":\"https:\/\/maisemabetoni.fi\/fin\/?s={search_term_string}\"},\"query-input\":{\"@type\":\"PropertyValueSpecification\",\"valueRequired\":true,\"valueName\":\"search_term_string\"}}],\"inLanguage\":\"fi\"},{\"@type\":\"Person\",\"@id\":\"https:\/\/maisemabetoni.fi\/fin\/#\/schema\/person\/e3462e41cbc9f07b7094002066029b9a\",\"name\":\"T. Kaskiaro\",\"url\":\"https:\/\/maisemabetoni.fi\/fin\/author\/tiinakaskiaro\/\"}]}<\/script>\n<!-- \/ Yoast SEO plugin. -->","yoast_head_json":{"title":"Ranta-Tampella on urbaani jalokivi N\u00e4sij\u00e4rven rannassa - Maisemabetoni","robots":{"index":"noindex","follow":"follow","max-snippet":"max-snippet:-1","max-image-preview":"max-image-preview:large","max-video-preview":"max-video-preview:-1"},"og_locale":"fi_FI","og_type":"article","og_title":"Ranta-Tampella on urbaani jalokivi N\u00e4sij\u00e4rven rannassa - Maisemabetoni","og_description":"Ranta-Tampella on urbaani jalokivi N&auml;sij&auml;rven rannassa Betoni, kierr&auml;tysmateriaalit ja luonnonmateriaalit antavat uuden asuinalueen julkisille ulkotiloille omaleimaisen ilmeen. Parhaillaan rakentuvalla Tampereen Ranta-Tampellan uudella asuinalueella N&auml;sij&auml;rven rannassa on voimakas, omintakeinen identiteetti. Tampereen keskustan koskenranta historiallisine rakennuksineen on kaunis ja kaikille tuttu, mutta toisintoa siit&auml; aivan uudelle asuinalueelle ei haluttu. &ndash;Ranta-Tampellan ilme onkin moderni ja urbaani, korostaa Tampereen...","og_url":"https:\/\/maisemabetoni.fi\/fin\/ranta-tampella-on-urbaani-jalokivi-nasijarven-rannassa\/","og_site_name":"Maisemabetoni","article_published_time":"2022-02-08T11:00:29+00:00","article_modified_time":"2022-02-08T11:01:14+00:00","og_image":[{"width":2560,"height":1695,"url":"https:\/\/maisemabetoni.fi\/fin\/wp-content\/uploads\/2022\/02\/53_RantaTampella_GustafAspinAukion_rantaportaat_ja_RantaTampellan_silta-\u00a9Maanlumo-scaled.jpg","type":"image\/jpeg"}],"author":"T. Kaskiaro","twitter_card":"summary_large_image","twitter_misc":{"Kirjoittanut":"T. Kaskiaro","Arvioitu lukuaika":"6 minuuttia"},"schema":{"@context":"https:\/\/schema.org","@graph":[{"@type":"Article","@id":"https:\/\/maisemabetoni.fi\/fin\/ranta-tampella-on-urbaani-jalokivi-nasijarven-rannassa\/#article","isPartOf":{"@id":"https:\/\/maisemabetoni.fi\/fin\/ranta-tampella-on-urbaani-jalokivi-nasijarven-rannassa\/"},"author":{"name":"T. Kaskiaro","@id":"https:\/\/maisemabetoni.fi\/fin\/#\/schema\/person\/e3462e41cbc9f07b7094002066029b9a"},"headline":"Ranta-Tampella on urbaani jalokivi N\u00e4sij\u00e4rven rannassa","datePublished":"2022-02-08T11:00:29+00:00","dateModified":"2022-02-08T11:01:14+00:00","mainEntityOfPage":{"@id":"https:\/\/maisemabetoni.fi\/fin\/ranta-tampella-on-urbaani-jalokivi-nasijarven-rannassa\/"},"wordCount":729,"image":{"@id":"https:\/\/maisemabetoni.fi\/fin\/ranta-tampella-on-urbaani-jalokivi-nasijarven-rannassa\/#primaryimage"},"thumbnailUrl":"https:\/\/maisemabetoni.fi\/fin\/wp-content\/uploads\/2022\/02\/53_RantaTampella_GustafAspinAukion_rantaportaat_ja_RantaTampellan_silta-\u00a9Maanlumo-scaled.jpg","inLanguage":"fi"},{"@type":"WebPage","@id":"https:\/\/maisemabetoni.fi\/fin\/ranta-tampella-on-urbaani-jalokivi-nasijarven-rannassa\/","url":"https:\/\/maisemabetoni.fi\/fin\/ranta-tampella-on-urbaani-jalokivi-nasijarven-rannassa\/","name":"Ranta-Tampella on urbaani jalokivi N\u00e4sij\u00e4rven rannassa - Maisemabetoni","isPartOf":{"@id":"https:\/\/maisemabetoni.fi\/fin\/#website"},"primaryImageOfPage":{"@id":"https:\/\/maisemabetoni.fi\/fin\/ranta-tampella-on-urbaani-jalokivi-nasijarven-rannassa\/#primaryimage"},"image":{"@id":"https:\/\/maisemabetoni.fi\/fin\/ranta-tampella-on-urbaani-jalokivi-nasijarven-rannassa\/#primaryimage"},"thumbnailUrl":"https:\/\/maisemabetoni.fi\/fin\/wp-content\/uploads\/2022\/02\/53_RantaTampella_GustafAspinAukion_rantaportaat_ja_RantaTampellan_silta-\u00a9Maanlumo-scaled.jpg","datePublished":"2022-02-08T11:00:29+00:00","dateModified":"2022-02-08T11:01:14+00:00","author":{"@id":"https:\/\/maisemabetoni.fi\/fin\/#\/schema\/person\/e3462e41cbc9f07b7094002066029b9a"},"breadcrumb":{"@id":"https:\/\/maisemabetoni.fi\/fin\/ranta-tampella-on-urbaani-jalokivi-nasijarven-rannassa\/#breadcrumb"},"inLanguage":"fi","potentialAction":[{"@type":"ReadAction","target":["https:\/\/maisemabetoni.fi\/fin\/ranta-tampella-on-urbaani-jalokivi-nasijarven-rannassa\/"]}]},{"@type":"ImageObject","inLanguage":"fi","@id":"https:\/\/maisemabetoni.fi\/fin\/ranta-tampella-on-urbaani-jalokivi-nasijarven-rannassa\/#primaryimage","url":"https:\/\/maisemabetoni.fi\/fin\/wp-content\/uploads\/2022\/02\/53_RantaTampella_GustafAspinAukion_rantaportaat_ja_RantaTampellan_silta-\u00a9Maanlumo-scaled.jpg","contentUrl":"https:\/\/maisemabetoni.fi\/fin\/wp-content\/uploads\/2022\/02\/53_RantaTampella_GustafAspinAukion_rantaportaat_ja_RantaTampellan_silta-\u00a9Maanlumo-scaled.jpg","width":2560,"height":1695,"caption":"Rantatampella, Tampere"},{"@type":"BreadcrumbList","@id":"https:\/\/maisemabetoni.fi\/fin\/ranta-tampella-on-urbaani-jalokivi-nasijarven-rannassa\/#breadcrumb","itemListElement":[{"@type":"ListItem","position":1,"name":"Etusivu","item":"https:\/\/maisemabetoni.fi\/fin\/"},{"@type":"ListItem","position":2,"name":"Ranta-Tampella on urbaani jalokivi N\u00e4sij\u00e4rven rannassa"}]},{"@type":"WebSite","@id":"https:\/\/maisemabetoni.fi\/fin\/#website","url":"https:\/\/maisemabetoni.fi\/fin\/","name":"Maisemabetoni","description":"","potentialAction":[{"@type":"SearchAction","target":{"@type":"EntryPoint","urlTemplate":"https:\/\/maisemabetoni.fi\/fin\/?s={search_term_string}"},"query-input":{"@type":"PropertyValueSpecification","valueRequired":true,"valueName":"search_term_string"}}],"inLanguage":"fi"},{"@type":"Person","@id":"https:\/\/maisemabetoni.fi\/fin\/#\/schema\/person\/e3462e41cbc9f07b7094002066029b9a","name":"T. Kaskiaro","url":"https:\/\/maisemabetoni.fi\/fin\/author\/tiinakaskiaro\/"}]}},"_links":{"self":[{"href":"https:\/\/maisemabetoni.fi\/fin\/wp-json\/wp\/v2\/posts\/3845","targetHints":{"allow":["GET"]}}],"collection":[{"href":"https:\/\/maisemabetoni.fi\/fin\/wp-json\/wp\/v2\/posts"}],"about":[{"href":"https:\/\/maisemabetoni.fi\/fin\/wp-json\/wp\/v2\/types\/post"}],"author":[{"embeddable":true,"href":"https:\/\/maisemabetoni.fi\/fin\/wp-json\/wp\/v2\/users\/2"}],"replies":[{"embeddable":true,"href":"https:\/\/maisemabetoni.fi\/fin\/wp-json\/wp\/v2\/comments?post=3845"}],"version-history":[{"count":18,"href":"https:\/\/maisemabetoni.fi\/fin\/wp-json\/wp\/v2\/posts\/3845\/revisions"}],"predecessor-version":[{"id":3877,"href":"https:\/\/maisemabetoni.fi\/fin\/wp-json\/wp\/v2\/posts\/3845\/revisions\/3877"}],"wp:featuredmedia":[{"embeddable":true,"href":"https:\/\/maisemabetoni.fi\/fin\/wp-json\/wp\/v2\/media\/3787"}],"wp:attachment":[{"href":"https:\/\/maisemabetoni.fi\/fin\/wp-json\/wp\/v2\/media?parent=3845"}],"wp:term":[{"taxonomy":"category","embeddable":true,"href":"https:\/\/maisemabetoni.fi\/fin\/wp-json\/wp\/v2\/categories?post=3845"},{"taxonomy":"post_tag","embeddable":true,"href":"https:\/\/maisemabetoni.fi\/fin\/wp-json\/wp\/v2\/tags?post=3845"}],"curies":[{"name":"wp","href":"https:\/\/api.w.org\/{rel}","templated":true}]}}